[{"@context":"https:\/\/schema.org\/","@type":"Blog","@id":"https:\/\/www.sszfm.cz#Blog","headline":"Sszfm","description":"\nV\u011b\u0159\u00edte doposud, \u017ee pravda a l\u00e1ska zv\u00edt\u011bz\u00ed nad l\u017e\u00ed a nen\u00e1vist\u00ed? Jestli ano, pak v\u011b\u0159te i tomu, \u017ee u v\u00e1s obdobn\u011b zv\u00edt\u011bz\u00ed n\u00e1\u0161 web nad v\u0161emi ostatn\u00edmi.","url":"https:\/\/www.sszfm.cz","hasPart":[{"@type":"Article","@id":"https:\/\/www.sszfm.cz\/mate-apple-watch\/","headline":"M\u00e1te Apple Watch?","url":"https:\/\/www.sszfm.cz\/mate-apple-watch\/","datePublished":"2024-07-12","dateModified":"2024-07-12","mainEntityOfPage":"https:\/\/www.sszfm.cz\/mate-apple-watch\/","author":{"@type":"Person","@id":"https:\/\/www.sszfm.cz\/author\/#Person","name":"","url":"https:\/\/www.sszfm.cz\/author\/","identifier":1,"image":{"@type":"ImageObject","@id":"https:\/\/secure.gravatar.com\/avatar\/8e6cbe5510d042e6a0b15162e198f2fd22eed76a4b5a1734d2174c652daccabc?s=96&d=mm&r=g","url":"https:\/\/secure.gravatar.com\/avatar\/8e6cbe5510d042e6a0b15162e198f2fd22eed76a4b5a1734d2174c652daccabc?s=96&d=mm&r=g","height":96,"width":96}},"publisher":{"@type":"Organization","name":"sszfm.cz","logo":{"@type":"ImageObject","@id":"\/logo.png","url":"\/logo.png","width":600,"height":60}},"image":{"@type":"ImageObject","@id":"https:\/\/www.sszfm.cz\/wp-content\/uploads\/iphone-5051984_640_10_1.jpg","url":"https:\/\/www.sszfm.cz\/wp-content\/uploads\/iphone-5051984_640_10_1.jpg","height":0,"width":0},"wordCount":524,"keywords":null},{"@type":"Article","@id":"https:\/\/www.sszfm.cz\/i-starsi-clovek-zvladne-skvele-ridit\/","headline":"I star\u0161\u00ed \u010dlov\u011bk zvl\u00e1dne skv\u011ble \u0159\u00eddit","url":"https:\/\/www.sszfm.cz\/i-starsi-clovek-zvladne-skvele-ridit\/","datePublished":"2024-06-29","dateModified":"2024-06-29","mainEntityOfPage":"https:\/\/www.sszfm.cz\/i-starsi-clovek-zvladne-skvele-ridit\/","author":{"@type":"Person","@id":"https:\/\/www.sszfm.cz\/author\/#Person","name":"","url":"https:\/\/www.sszfm.cz\/author\/","identifier":1,"image":{"@type":"ImageObject","@id":"https:\/\/secure.gravatar.com\/avatar\/8e6cbe5510d042e6a0b15162e198f2fd22eed76a4b5a1734d2174c652daccabc?s=96&d=mm&r=g","url":"https:\/\/secure.gravatar.com\/avatar\/8e6cbe5510d042e6a0b15162e198f2fd22eed76a4b5a1734d2174c652daccabc?s=96&d=mm&r=g","height":96,"width":96}},"publisher":{"@type":"Organization","name":"sszfm.cz","logo":{"@type":"ImageObject","@id":"\/logo.png","url":"\/logo.png","width":600,"height":60}},"image":{"@type":"ImageObject","@id":"https:\/\/www.sszfm.cz\/wp-content\/uploads\/audi_10_10_8.jpg","url":"https:\/\/www.sszfm.cz\/wp-content\/uploads\/audi_10_10_8.jpg","height":0,"width":0},"wordCount":521,"keywords":null},{"@type":"Article","@id":"https:\/\/www.sszfm.cz\/podrzi-velka-i-mala-prsa\/","headline":"Podr\u017e\u00ed velk\u00e1 i mal\u00e1 prsa","url":"https:\/\/www.sszfm.cz\/podrzi-velka-i-mala-prsa\/","datePublished":"2024-05-20","dateModified":"2024-05-20","mainEntityOfPage":"https:\/\/www.sszfm.cz\/podrzi-velka-i-mala-prsa\/","author":{"@type":"Person","@id":"https:\/\/www.sszfm.cz\/author\/#Person","name":"","url":"https:\/\/www.sszfm.cz\/author\/","identifier":1,"image":{"@type":"ImageObject","@id":"https:\/\/secure.gravatar.com\/avatar\/8e6cbe5510d042e6a0b15162e198f2fd22eed76a4b5a1734d2174c652daccabc?s=96&d=mm&r=g","url":"https:\/\/secure.gravatar.com\/avatar\/8e6cbe5510d042e6a0b15162e198f2fd22eed76a4b5a1734d2174c652daccabc?s=96&d=mm&r=g","height":96,"width":96}},"publisher":{"@type":"Organization","name":"sszfm.cz","logo":{"@type":"ImageObject","@id":"\/logo.png","url":"\/logo.png","width":600,"height":60}},"image":{"@type":"ImageObject","@id":"https:\/\/www.sszfm.cz\/wp-content\/uploads\/body-1263068_640_4.jpg","url":"https:\/\/www.sszfm.cz\/wp-content\/uploads\/body-1263068_640_4.jpg","height":0,"width":0},"wordCount":506,"keywords":null},{"@type":"Article","@id":"https:\/\/www.sszfm.cz\/kvalitni-ostrahu-objektu-vam-poskytneme-my\/","headline":"Kvalitn\u00ed ostrahu objekt\u016f v\u00e1m poskytneme my","url":"https:\/\/www.sszfm.cz\/kvalitni-ostrahu-objektu-vam-poskytneme-my\/","datePublished":"2024-04-30","dateModified":"2024-04-30","mainEntityOfPage":"https:\/\/www.sszfm.cz\/kvalitni-ostrahu-objektu-vam-poskytneme-my\/","author":{"@type":"Person","@id":"https:\/\/www.sszfm.cz\/author\/#Person","name":"","url":"https:\/\/www.sszfm.cz\/author\/","identifier":1,"image":{"@type":"ImageObject","@id":"https:\/\/secure.gravatar.com\/avatar\/8e6cbe5510d042e6a0b15162e198f2fd22eed76a4b5a1734d2174c652daccabc?s=96&d=mm&r=g","url":"https:\/\/secure.gravatar.com\/avatar\/8e6cbe5510d042e6a0b15162e198f2fd22eed76a4b5a1734d2174c652daccabc?s=96&d=mm&r=g","height":96,"width":96}},"publisher":{"@type":"Organization","name":"sszfm.cz","logo":{"@type":"ImageObject","@id":"\/logo.png","url":"\/logo.png","width":600,"height":60}},"image":null,"wordCount":306,"keywords":null},{"@type":"Article","@id":"https:\/\/www.sszfm.cz\/idealni-podpora-kterou-oceni-kazdy\/","headline":"Ide\u00e1ln\u00ed podpora, kterou ocen\u00ed ka\u017ed\u00fd","url":"https:\/\/www.sszfm.cz\/idealni-podpora-kterou-oceni-kazdy\/","datePublished":"2024-04-21","dateModified":"2024-04-21","mainEntityOfPage":"https:\/\/www.sszfm.cz\/idealni-podpora-kterou-oceni-kazdy\/","author":{"@type":"Person","@id":"https:\/\/www.sszfm.cz\/author\/#Person","name":"","url":"https:\/\/www.sszfm.cz\/author\/","identifier":1,"image":{"@type":"ImageObject","@id":"https:\/\/secure.gravatar.com\/avatar\/8e6cbe5510d042e6a0b15162e198f2fd22eed76a4b5a1734d2174c652daccabc?s=96&d=mm&r=g","url":"https:\/\/secure.gravatar.com\/avatar\/8e6cbe5510d042e6a0b15162e198f2fd22eed76a4b5a1734d2174c652daccabc?s=96&d=mm&r=g","height":96,"width":96}},"publisher":{"@type":"Organization","name":"sszfm.cz","logo":{"@type":"ImageObject","@id":"\/logo.png","url":"\/logo.png","width":600,"height":60}},"image":null,"wordCount":299,"keywords":null},{"@type":"Article","@id":"https:\/\/www.sszfm.cz\/kdyz-interierove-dvere-tak-od-nasi-firmy\/","headline":"Kdy\u017e interi\u00e9rov\u00e9 dve\u0159e, tak od na\u0161\u00ed firmy","url":"https:\/\/www.sszfm.cz\/kdyz-interierove-dvere-tak-od-nasi-firmy\/","datePublished":"2024-04-17","dateModified":"2024-04-17","mainEntityOfPage":"https:\/\/www.sszfm.cz\/kdyz-interierove-dvere-tak-od-nasi-firmy\/","author":{"@type":"Person","@id":"https:\/\/www.sszfm.cz\/author\/#Person","name":"","url":"https:\/\/www.sszfm.cz\/author\/","identifier":1,"image":{"@type":"ImageObject","@id":"https:\/\/secure.gravatar.com\/avatar\/8e6cbe5510d042e6a0b15162e198f2fd22eed76a4b5a1734d2174c652daccabc?s=96&d=mm&r=g","url":"https:\/\/secure.gravatar.com\/avatar\/8e6cbe5510d042e6a0b15162e198f2fd22eed76a4b5a1734d2174c652daccabc?s=96&d=mm&r=g","height":96,"width":96}},"publisher":{"@type":"Organization","name":"sszfm.cz","logo":{"@type":"ImageObject","@id":"\/logo.png","url":"\/logo.png","width":600,"height":60}},"image":null,"wordCount":287,"keywords":null},{"@type":"Article","@id":"https:\/\/www.sszfm.cz\/naprosto-pro-kazdeho\/","headline":"Naprosto pro ka\u017ed\u00e9ho","url":"https:\/\/www.sszfm.cz\/naprosto-pro-kazdeho\/","datePublished":"2024-04-12","dateModified":"2024-04-12","mainEntityOfPage":"https:\/\/www.sszfm.cz\/naprosto-pro-kazdeho\/","author":{"@type":"Person","@id":"https:\/\/www.sszfm.cz\/author\/#Person","name":"","url":"https:\/\/www.sszfm.cz\/author\/","identifier":1,"image":{"@type":"ImageObject","@id":"https:\/\/secure.gravatar.com\/avatar\/8e6cbe5510d042e6a0b15162e198f2fd22eed76a4b5a1734d2174c652daccabc?s=96&d=mm&r=g","url":"https:\/\/secure.gravatar.com\/avatar\/8e6cbe5510d042e6a0b15162e198f2fd22eed76a4b5a1734d2174c652daccabc?s=96&d=mm&r=g","height":96,"width":96}},"publisher":{"@type":"Organization","name":"sszfm.cz","logo":{"@type":"ImageObject","@id":"\/logo.png","url":"\/logo.png","width":600,"height":60}},"image":null,"wordCount":282,"keywords":null},{"@type":"Article","@id":"https:\/\/www.sszfm.cz\/nabizime-profesionalni-obuv-pro-prave-profesionaly\/","headline":"Nab\u00edz\u00edme profesion\u00e1ln\u00ed obuv pro prav\u00e9 profesion\u00e1ly","url":"https:\/\/www.sszfm.cz\/nabizime-profesionalni-obuv-pro-prave-profesionaly\/","datePublished":"2024-04-04","dateModified":"2024-04-04","mainEntityOfPage":"https:\/\/www.sszfm.cz\/nabizime-profesionalni-obuv-pro-prave-profesionaly\/","author":{"@type":"Person","@id":"https:\/\/www.sszfm.cz\/author\/#Person","name":"","url":"https:\/\/www.sszfm.cz\/author\/","identifier":1,"image":{"@type":"ImageObject","@id":"https:\/\/secure.gravatar.com\/avatar\/8e6cbe5510d042e6a0b15162e198f2fd22eed76a4b5a1734d2174c652daccabc?s=96&d=mm&r=g","url":"https:\/\/secure.gravatar.com\/avatar\/8e6cbe5510d042e6a0b15162e198f2fd22eed76a4b5a1734d2174c652daccabc?s=96&d=mm&r=g","height":96,"width":96}},"publisher":{"@type":"Organization","name":"sszfm.cz","logo":{"@type":"ImageObject","@id":"\/logo.png","url":"\/logo.png","width":600,"height":60}},"image":null,"wordCount":267,"keywords":null},{"@type":"Article","@id":"https:\/\/www.sszfm.cz\/detsky-nabytek-do-pokoje-vasich-deti\/","headline":"D\u011btsk\u00fd n\u00e1bytek do pokoje va\u0161ich d\u011bt\u00ed","url":"https:\/\/www.sszfm.cz\/detsky-nabytek-do-pokoje-vasich-deti\/","datePublished":"2024-03-27","dateModified":"2024-03-27","mainEntityOfPage":"https:\/\/www.sszfm.cz\/detsky-nabytek-do-pokoje-vasich-deti\/","author":{"@type":"Person","@id":"https:\/\/www.sszfm.cz\/author\/#Person","name":"","url":"https:\/\/www.sszfm.cz\/author\/","identifier":1,"image":{"@type":"ImageObject","@id":"https:\/\/secure.gravatar.com\/avatar\/8e6cbe5510d042e6a0b15162e198f2fd22eed76a4b5a1734d2174c652daccabc?s=96&d=mm&r=g","url":"https:\/\/secure.gravatar.com\/avatar\/8e6cbe5510d042e6a0b15162e198f2fd22eed76a4b5a1734d2174c652daccabc?s=96&d=mm&r=g","height":96,"width":96}},"publisher":{"@type":"Organization","name":"sszfm.cz","logo":{"@type":"ImageObject","@id":"\/logo.png","url":"\/logo.png","width":600,"height":60}},"image":null,"wordCount":285,"keywords":null},{"@type":"Article","@id":"https:\/\/www.sszfm.cz\/s-vysavaci-od-nas-se-vam-bude-skvele-pracovat\/","headline":"S vysava\u010di od n\u00e1s se v\u00e1m bude skv\u011ble pracovat","url":"https:\/\/www.sszfm.cz\/s-vysavaci-od-nas-se-vam-bude-skvele-pracovat\/","datePublished":"2024-01-11","dateModified":"2024-01-11","mainEntityOfPage":"https:\/\/www.sszfm.cz\/s-vysavaci-od-nas-se-vam-bude-skvele-pracovat\/","author":{"@type":"Person","@id":"https:\/\/www.sszfm.cz\/author\/#Person","name":"","url":"https:\/\/www.sszfm.cz\/author\/","identifier":1,"image":{"@type":"ImageObject","@id":"https:\/\/secure.gravatar.com\/avatar\/8e6cbe5510d042e6a0b15162e198f2fd22eed76a4b5a1734d2174c652daccabc?s=96&d=mm&r=g","url":"https:\/\/secure.gravatar.com\/avatar\/8e6cbe5510d042e6a0b15162e198f2fd22eed76a4b5a1734d2174c652daccabc?s=96&d=mm&r=g","height":96,"width":96}},"publisher":{"@type":"Organization","name":"sszfm.cz","logo":{"@type":"ImageObject","@id":"\/logo.png","url":"\/logo.png","width":600,"height":60}},"image":null,"wordCount":276,"keywords":null}]},{"@context":"https:\/\/schema.org","@type":"WebSite","@id":"https:\/\/www.sszfm.cz\/#website","name":"Sszfm","url":"https:\/\/www.sszfm.cz","potentialAction":{"@type":"SearchAction","target":"https:\/\/www.sszfm.cz\/?s={search_term_string}","query-input":"required name=search_term_string"}}]