[{"@context":"https:\/\/schema.org\/","@type":"Article","@id":"https:\/\/www.sszfm.cz\/jak-to-mit-v-suchu\/#Article","mainEntityOfPage":"https:\/\/www.sszfm.cz\/jak-to-mit-v-suchu\/","headline":"Jak to m\u00edt v suchu","name":"Jak to m\u00edt v suchu","description":"Lid\u00e9 nejsou vodn\u00ed tvorov\u00e9 ani p\u0159\u00edpadn\u00ed hastrmani. Jist\u011b, ob\u010das se n\u011bkam dojdou vykoupat, zaplavat si, p\u0159inejmen\u0161\u00edm ob\u010das pou\u017eij\u00ed vanu, sprchu nebo aspo\u0148 umyvadlo a vodou ob\u010das \u010dist\u00ed nejen sebe, ale i sv\u00e9 svr\u0161ky a spodky, ale ve vod\u011b rozhodn\u011b nejsou ve sv\u00e9m \u017eivlu. Stejn\u011b jako nejsou ve sv\u00e9m \u017eivlu \u010dasto","datePublished":"2018-10-26","dateModified":"2023-05-15","author":{"@type":"Person","@id":"https:\/\/www.sszfm.cz\/author\/#Person","name":"","url":"https:\/\/www.sszfm.cz\/author\/","identifier":1,"image":{"@type":"ImageObject","@id":"https:\/\/secure.gravatar.com\/avatar\/8e6cbe5510d042e6a0b15162e198f2fd22eed76a4b5a1734d2174c652daccabc?s=96&d=mm&r=g","url":"https:\/\/secure.gravatar.com\/avatar\/8e6cbe5510d042e6a0b15162e198f2fd22eed76a4b5a1734d2174c652daccabc?s=96&d=mm&r=g","height":96,"width":96}},"publisher":{"@type":"Organization","name":"sszfm.cz","logo":{"@type":"ImageObject","@id":"\/logo.png","url":"\/logo.png","width":600,"height":60}},"image":{"@type":"ImageObject","@id":"https:\/\/www.sszfm.cz\/wp-content\/uploads\/img_a332778_w2514_t1545854790.jpg","url":"https:\/\/www.sszfm.cz\/wp-content\/uploads\/img_a332778_w2514_t1545854790.jpg","height":0,"width":0},"url":"https:\/\/www.sszfm.cz\/jak-to-mit-v-suchu\/","about":["Elektro"],"wordCount":653,"articleBody":"Lid\u00e9 nejsou vodn\u00ed tvorov\u00e9 ani p\u0159\u00edpadn\u00ed hastrmani. Jist\u011b, ob\u010das se n\u011bkam dojdou vykoupat, zaplavat si, p\u0159inejmen\u0161\u00edm ob\u010das pou\u017eij\u00ed vanu, sprchu nebo aspo\u0148 umyvadlo a vodou ob\u010das \u010dist\u00ed nejen sebe, ale i sv\u00e9 svr\u0161ky a spodky, ale ve vod\u011b rozhodn\u011b nejsou ve sv\u00e9m \u017eivlu. Stejn\u011b jako nejsou ve sv\u00e9m \u017eivlu \u010dasto ani tehdy, kdy\u017e se jich t\u00fdk\u00e1 jen voda v p\u0159enesen\u00e9m smyslu slova, tedy kdy\u017e v n\u011b\u010dem plavou nebo jsou v n\u011b\u010dem nekal\u00e9m namo\u010deni.Vlhko lidem vesm\u011bs neb\u00fdv\u00e1 vlastn\u00edm, a nen\u00ed ani moc divu. Proto\u017ee si jist\u011b dok\u00e1\u017eete p\u0159edstavit, co to je dejme tomu st\u00e1t venku v mokr\u00e9m oble\u010den\u00ed. To je nejednou o zdrav\u00ed, a to i tehdy, kdy\u017e nen\u00ed zrovna \u017e\u00e1dn\u00e1 mimo\u0159\u00e1dn\u00e1 zima.A proto lidsk\u00fd jedinec oded\u00e1vna uva\u017eoval, jak si v tomto ohledu ud\u011blat dob\u0159e.N\u011bkdy su\u0161il sv\u00e9 svr\u0161ky nebo to, co se v jeho konkr\u00e9tn\u00ed dob\u011b za svr\u0161ky pova\u017eovalo, pov\u011b\u0161en\u00e9 ve v\u011btru n\u011bkde na v\u011btvi, n\u011bkdy k tomuto \u00fa\u010delu vyu\u017e\u00edval energii slunce, n\u011bkdy si v\u011bci na sebe mohl usu\u0161it dejme tonu u ohn\u011b.A ani tam je\u0161t\u011b v\u00fdvoj neustrnul. Pr\u00e1v\u011b naopak. Lid\u00e9 vym\u00fd\u0161leli a vym\u00fd\u0161leli, koumali a b\u00e1dali, a tud\u00ed\u017e jednoho dne nastal moment, kdy spat\u0159ila sv\u011btlo sv\u011bta su\u0161i\u010dka. Tedy p\u0159\u00edstroj, kter\u00fd je&hellip; Co to vlastn\u011b je? Je to ?To je ot\u00e1zka, na kterou se jen velmi t\u011b\u017eko hled\u00e1 odpov\u011b\u010f. Proto\u017ee co \u010dlov\u011bk, to mo\u017en\u00e1 i \u00fapln\u011b jin\u00fd n\u00e1zor.N\u011bkdo m\u00e1 su\u0161i\u010dku za zcela zbyte\u010dnou v\u011bc, kter\u00e1 jenom zab\u00edr\u00e1 m\u00edsto a d\u00e1 se hrav\u011b o\u017eelet. Proto\u017ee pro\u010d tuto m\u00edt, kdy\u017e sta\u010d\u00ed pov\u011bsit pr\u00e1dlo t\u0159eba na \u0161\u0148\u016fru a ono d\u0159\u00edve nebo pozd\u011bji uschne? Pro\u010d spot\u0159ebov\u00e1vat n\u011bjakou tu energii pro su\u0161i\u010dku, kdy\u017e sta\u010d\u00ed do\u010dkat jako husa klasu a ono to nakonec uschne samo? Pro\u010d&hellip; Zkr\u00e1tka pro\u010d su\u0161i\u010dku m\u00edt, kdy\u017e bez n\u00ed dok\u00e1zaly naprosto spokojen\u011b \u017e\u00edt nespo\u010ditateln\u00e9 p\u0159edchoz\u00ed generace?Ov\u0161em jsou mezi n\u00e1mi i jin\u00ed. Ti, kte\u0159\u00ed by su\u0161i\u010dku dost mo\u017en\u00e1 za nic na sv\u011bt\u011b nedali \u010di nevym\u011bnili. Proto\u017ee dok\u00e1\u017eete si snad p\u0159edstavit rodinu s v\u00edce mal\u00fdmi d\u011btmi, je\u017e by si mohla dovolit \u010dekat, a\u017e jim uschne to, co je \u010derstv\u011b vypr\u00e1no? Nebo n\u011bkoho, kdo to, co m\u011bl dnes na sob\u011b, bude z\u00edtra pot\u0159ebovat op\u011bt, jen\u017ee znovu \u010dist\u00e9 jak slovo bo\u017e\u00ed? T\u011b\u017eko, \u017ee? Pokud nen\u00ed zrovna such\u00fd a tropick\u00fd den, usu\u0161it se to nezvl\u00e1dne jinak, ne\u017e v su\u0161i\u010dce.Takov\u00e1 su\u0161i\u010dka to zvl\u00e1dne za chv\u00edli. Ne\u017e se jeden nad\u011bje. Za pouh\u00fdch p\u00e1r hodin je vypr\u00e1no, usu\u0161eno a vy\u017eehleno a \u017eivot m\u016f\u017ee j\u00edt d\u00e1l. Nen\u00ed t\u0159eba dostatek m\u00edsta k su\u0161en\u00ed takov\u00e9ho pr\u00e1dla, zna\u010dnou \u010d\u00e1st pr\u00e1dla pak u\u017e ani nen\u00ed t\u0159eba \u017eehlit, pokud ho \u010dlov\u011bk vyjme v\u010das. Ze samostatn\u00e9 su\u0161i\u010dky nebo z kombinace su\u0161i\u010dky s pra\u010dkou.Jist\u011b, je tu i p\u00e1r negativ, t\u0159eba to, \u017ee se su\u0161i\u010dky nerozd\u00e1vaj\u00ed zadarmo ani nerostou na stromech, a proto stoj\u00ed pen\u00edze, je\u017e nikdo nechce jen tak pro nic a za nic o\u017eelet, nebo to, \u017ee se v nich ob\u010das m\u016f\u017ee pr\u00e1dlo srazit, ale \u017e\u00e1dn\u00e9 z t\u011bchto negativ nen\u00ed katastrofou.A rozhodn\u011b je lep\u0161\u00ed m\u00edt su\u0161i\u010dku, ne\u017e nedobrovoln\u011b chodit jako vodn\u00edk a cestou odkap\u00e1vat ze \u0161osu.                                                                                                                                                                                                                                                                                                                                                                                        3.7\/5 - (12 votes)        "},{"@context":"https:\/\/schema.org\/","@type":"BreadcrumbList","itemListElement":[{"@type":"ListItem","position":1,"name":"Jak to m\u00edt v suchu","item":"https:\/\/www.sszfm.cz\/jak-to-mit-v-suchu\/#breadcrumbitem"}]}]