{"@context":"https:\/\/schema.org\/","@type":"CollectionPage","@id":"https:\/\/www.sszfm.cz\/firmy\/#CollectionPage","headline":"Firmy Category","description":"","url":"https:\/\/www.sszfm.cz\/firmy\/","hasPart":[{"@type":"Article","@id":"https:\/\/www.sszfm.cz\/bez-ridicskeho-prukazu-neni-radno-do-provozu\/","headline":"Bez \u0159idi\u010dsk\u00e9ho pr\u016fkazu nen\u00ed radno do provozu","url":"https:\/\/www.sszfm.cz\/bez-ridicskeho-prukazu-neni-radno-do-provozu\/","datePublished":"2020-05-10","dateModified":"2023-05-15","mainEntityOfPage":"https:\/\/www.sszfm.cz\/bez-ridicskeho-prukazu-neni-radno-do-provozu\/","author":{"@type":"Person","@id":"https:\/\/www.sszfm.cz\/author\/#Person","name":"","url":"https:\/\/www.sszfm.cz\/author\/","identifier":1,"image":{"@type":"ImageObject","@id":"https:\/\/secure.gravatar.com\/avatar\/8e6cbe5510d042e6a0b15162e198f2fd22eed76a4b5a1734d2174c652daccabc?s=96&d=mm&r=g","url":"https:\/\/secure.gravatar.com\/avatar\/8e6cbe5510d042e6a0b15162e198f2fd22eed76a4b5a1734d2174c652daccabc?s=96&d=mm&r=g","height":96,"width":96}},"publisher":{"@type":"Organization","name":"sszfm.cz","logo":{"@type":"ImageObject","@id":"\/logo.png","url":"\/logo.png","width":600,"height":60}},"image":{"@type":"ImageObject","@id":"https:\/\/www.sszfm.cz\/wp-content\/uploads\/motocykl.jpg","url":"https:\/\/www.sszfm.cz\/wp-content\/uploads\/motocykl.jpg","height":0,"width":0},"keywords":null},{"@type":"Article","@id":"https:\/\/www.sszfm.cz\/k-cemu-slouzi-cot-index\/","headline":"K \u010demu slou\u017e\u00ed COT index","url":"https:\/\/www.sszfm.cz\/k-cemu-slouzi-cot-index\/","datePublished":"2020-04-13","dateModified":"2023-05-15","mainEntityOfPage":"https:\/\/www.sszfm.cz\/k-cemu-slouzi-cot-index\/","author":{"@type":"Person","@id":"https:\/\/www.sszfm.cz\/author\/#Person","name":"","url":"https:\/\/www.sszfm.cz\/author\/","identifier":1,"image":{"@type":"ImageObject","@id":"https:\/\/secure.gravatar.com\/avatar\/8e6cbe5510d042e6a0b15162e198f2fd22eed76a4b5a1734d2174c652daccabc?s=96&d=mm&r=g","url":"https:\/\/secure.gravatar.com\/avatar\/8e6cbe5510d042e6a0b15162e198f2fd22eed76a4b5a1734d2174c652daccabc?s=96&d=mm&r=g","height":96,"width":96}},"publisher":{"@type":"Organization","name":"sszfm.cz","logo":{"@type":"ImageObject","@id":"\/logo.png","url":"\/logo.png","width":600,"height":60}},"image":{"@type":"ImageObject","@id":"https:\/\/www.sszfm.cz\/wp-content\/uploads\/burza3_1.jpg","url":"https:\/\/www.sszfm.cz\/wp-content\/uploads\/burza3_1.jpg","height":0,"width":0},"keywords":null},{"@type":"Article","@id":"https:\/\/www.sszfm.cz\/jake-jsou-ze-serialu-masinka-tomas-hracky\/","headline":"Jak\u00e9 jsou ze seri\u00e1lu Ma\u0161inka Tom\u00e1\u0161 hra\u010dky","url":"https:\/\/www.sszfm.cz\/jake-jsou-ze-serialu-masinka-tomas-hracky\/","datePublished":"2019-12-20","dateModified":"2024-07-08","mainEntityOfPage":"https:\/\/www.sszfm.cz\/jake-jsou-ze-serialu-masinka-tomas-hracky\/","author":{"@type":"Person","@id":"https:\/\/www.sszfm.cz\/author\/#Person","name":"","url":"https:\/\/www.sszfm.cz\/author\/","identifier":1,"image":{"@type":"ImageObject","@id":"https:\/\/secure.gravatar.com\/avatar\/8e6cbe5510d042e6a0b15162e198f2fd22eed76a4b5a1734d2174c652daccabc?s=96&d=mm&r=g","url":"https:\/\/secure.gravatar.com\/avatar\/8e6cbe5510d042e6a0b15162e198f2fd22eed76a4b5a1734d2174c652daccabc?s=96&d=mm&r=g","height":96,"width":96}},"publisher":{"@type":"Organization","name":"sszfm.cz","logo":{"@type":"ImageObject","@id":"\/logo.png","url":"\/logo.png","width":600,"height":60}},"image":{"@type":"ImageObject","@id":"https:\/\/www.sszfm.cz\/wp-content\/uploads\/img_a377178_w3870_t1588766902.jpg","url":"https:\/\/www.sszfm.cz\/wp-content\/uploads\/img_a377178_w3870_t1588766902.jpg","height":0,"width":0},"keywords":null},{"@type":"Article","@id":"https:\/\/www.sszfm.cz\/bez-firem-bychom-snad-ani-neexistovali\/","headline":"Bez firem bychom snad ani neexistovali","url":"https:\/\/www.sszfm.cz\/bez-firem-bychom-snad-ani-neexistovali\/","datePublished":"2019-10-15","dateModified":"2023-05-15","mainEntityOfPage":"https:\/\/www.sszfm.cz\/bez-firem-bychom-snad-ani-neexistovali\/","author":{"@type":"Person","@id":"https:\/\/www.sszfm.cz\/author\/#Person","name":"","url":"https:\/\/www.sszfm.cz\/author\/","identifier":1,"image":{"@type":"ImageObject","@id":"https:\/\/secure.gravatar.com\/avatar\/8e6cbe5510d042e6a0b15162e198f2fd22eed76a4b5a1734d2174c652daccabc?s=96&d=mm&r=g","url":"https:\/\/secure.gravatar.com\/avatar\/8e6cbe5510d042e6a0b15162e198f2fd22eed76a4b5a1734d2174c652daccabc?s=96&d=mm&r=g","height":96,"width":96}},"publisher":{"@type":"Organization","name":"sszfm.cz","logo":{"@type":"ImageObject","@id":"\/logo.png","url":"\/logo.png","width":600,"height":60}},"image":{"@type":"ImageObject","@id":"https:\/\/www.sszfm.cz\/wp-content\/uploads\/img_a357617_w3870_t1572117714.jpg","url":"https:\/\/www.sszfm.cz\/wp-content\/uploads\/img_a357617_w3870_t1572117714.jpg","height":0,"width":0},"keywords":null},{"@type":"Article","@id":"https:\/\/www.sszfm.cz\/velke-firmy-ktere-jdou-prikladem-v-oblasti-udrzitelnosti\/","headline":"Velk\u00e9 firmy, kter\u00e9 jdou p\u0159\u00edkladem v oblasti udr\u017eitelnosti","url":"https:\/\/www.sszfm.cz\/velke-firmy-ktere-jdou-prikladem-v-oblasti-udrzitelnosti\/","datePublished":"2019-10-02","dateModified":"2023-05-15","mainEntityOfPage":"https:\/\/www.sszfm.cz\/velke-firmy-ktere-jdou-prikladem-v-oblasti-udrzitelnosti\/","author":{"@type":"Person","@id":"https:\/\/www.sszfm.cz\/author\/#Person","name":"","url":"https:\/\/www.sszfm.cz\/author\/","identifier":1,"image":{"@type":"ImageObject","@id":"https:\/\/secure.gravatar.com\/avatar\/8e6cbe5510d042e6a0b15162e198f2fd22eed76a4b5a1734d2174c652daccabc?s=96&d=mm&r=g","url":"https:\/\/secure.gravatar.com\/avatar\/8e6cbe5510d042e6a0b15162e198f2fd22eed76a4b5a1734d2174c652daccabc?s=96&d=mm&r=g","height":96,"width":96}},"publisher":{"@type":"Organization","name":"sszfm.cz","logo":{"@type":"ImageObject","@id":"\/logo.png","url":"\/logo.png","width":600,"height":60}},"image":{"@type":"ImageObject","@id":"https:\/\/www.sszfm.cz\/wp-content\/uploads\/img_a357166_w3870_t1571803232.jpg","url":"https:\/\/www.sszfm.cz\/wp-content\/uploads\/img_a357166_w3870_t1571803232.jpg","height":0,"width":0},"keywords":null},{"@type":"Article","@id":"https:\/\/www.sszfm.cz\/poridte-si-solarni-plachtu-a-uzijte-si-prijemne-teplou-vodu\/","headline":"Po\u0159i\u010fte si sol\u00e1rn\u00ed plachtu a u\u017eijte si p\u0159\u00edjemn\u011b teplou vodu","url":"https:\/\/www.sszfm.cz\/poridte-si-solarni-plachtu-a-uzijte-si-prijemne-teplou-vodu\/","datePublished":"2018-06-07","dateModified":"2023-05-15","mainEntityOfPage":"https:\/\/www.sszfm.cz\/poridte-si-solarni-plachtu-a-uzijte-si-prijemne-teplou-vodu\/","author":{"@type":"Person","@id":"https:\/\/www.sszfm.cz\/author\/#Person","name":"","url":"https:\/\/www.sszfm.cz\/author\/","identifier":1,"image":{"@type":"ImageObject","@id":"https:\/\/secure.gravatar.com\/avatar\/8e6cbe5510d042e6a0b15162e198f2fd22eed76a4b5a1734d2174c652daccabc?s=96&d=mm&r=g","url":"https:\/\/secure.gravatar.com\/avatar\/8e6cbe5510d042e6a0b15162e198f2fd22eed76a4b5a1734d2174c652daccabc?s=96&d=mm&r=g","height":96,"width":96}},"publisher":{"@type":"Organization","name":"sszfm.cz","logo":{"@type":"ImageObject","@id":"\/logo.png","url":"\/logo.png","width":600,"height":60}},"image":{"@type":"ImageObject","@id":"https:\/\/www.sszfm.cz\/wp-content\/uploads\/img_a320040_w2601_t1531218609.jpg","url":"https:\/\/www.sszfm.cz\/wp-content\/uploads\/img_a320040_w2601_t1531218609.jpg","height":0,"width":0},"keywords":null}]}