[{"@context":"https:\/\/schema.org\/","@type":"Blog","@id":"https:\/\/www.sszfm.cz#Blog","headline":"Sszfm","description":"\nV\u011b\u0159\u00edte doposud, \u017ee pravda a l\u00e1ska zv\u00edt\u011bz\u00ed nad l\u017e\u00ed a nen\u00e1vist\u00ed? Jestli ano, pak v\u011b\u0159te i tomu, \u017ee u v\u00e1s obdobn\u011b zv\u00edt\u011bz\u00ed n\u00e1\u0161 web nad v\u0161emi ostatn\u00edmi.","url":"https:\/\/www.sszfm.cz","hasPart":[{"@type":"Article","@id":"https:\/\/www.sszfm.cz\/k-udrzbe-dna-bazenu-slouzi-bazenove-vysavace\/","headline":"K \u00fadr\u017eb\u011b dna baz\u00e9nu slou\u017e\u00ed baz\u00e9nov\u00e9 vysava\u010de","url":"https:\/\/www.sszfm.cz\/k-udrzbe-dna-bazenu-slouzi-bazenove-vysavace\/","datePublished":"2026-02-05","dateModified":"2026-02-05","mainEntityOfPage":"https:\/\/www.sszfm.cz\/k-udrzbe-dna-bazenu-slouzi-bazenove-vysavace\/","author":{"@type":"Person","@id":"https:\/\/www.sszfm.cz\/author\/#Person","name":"","url":"https:\/\/www.sszfm.cz\/author\/","identifier":1,"image":{"@type":"ImageObject","@id":"https:\/\/secure.gravatar.com\/avatar\/8e6cbe5510d042e6a0b15162e198f2fd22eed76a4b5a1734d2174c652daccabc?s=96&d=mm&r=g","url":"https:\/\/secure.gravatar.com\/avatar\/8e6cbe5510d042e6a0b15162e198f2fd22eed76a4b5a1734d2174c652daccabc?s=96&d=mm&r=g","height":96,"width":96}},"publisher":{"@type":"Organization","name":"sszfm.cz","logo":{"@type":"ImageObject","@id":"\/logo.png","url":"\/logo.png","width":600,"height":60}},"image":{"@type":"ImageObject","@id":"https:\/\/www.sszfm.cz\/wp-content\/uploads\/landscape-2016308_640_2.jpg","url":"https:\/\/www.sszfm.cz\/wp-content\/uploads\/landscape-2016308_640_2.jpg","height":0,"width":0},"wordCount":575,"keywords":null},{"@type":"Article","@id":"https:\/\/www.sszfm.cz\/potrebujete-se-zbavit-mysi\/","headline":"Pot\u0159ebujete se zbavit my\u0161\u00ed?","url":"https:\/\/www.sszfm.cz\/potrebujete-se-zbavit-mysi\/","datePublished":"2026-01-24","dateModified":"2026-01-24","mainEntityOfPage":"https:\/\/www.sszfm.cz\/potrebujete-se-zbavit-mysi\/","author":{"@type":"Person","@id":"https:\/\/www.sszfm.cz\/author\/#Person","name":"","url":"https:\/\/www.sszfm.cz\/author\/","identifier":1,"image":{"@type":"ImageObject","@id":"https:\/\/secure.gravatar.com\/avatar\/8e6cbe5510d042e6a0b15162e198f2fd22eed76a4b5a1734d2174c652daccabc?s=96&d=mm&r=g","url":"https:\/\/secure.gravatar.com\/avatar\/8e6cbe5510d042e6a0b15162e198f2fd22eed76a4b5a1734d2174c652daccabc?s=96&d=mm&r=g","height":96,"width":96}},"publisher":{"@type":"Organization","name":"sszfm.cz","logo":{"@type":"ImageObject","@id":"\/logo.png","url":"\/logo.png","width":600,"height":60}},"image":{"@type":"ImageObject","@id":"https:\/\/www.sszfm.cz\/wp-content\/uploads\/mm_10_10_10_10_10_4.jpg","url":"https:\/\/www.sszfm.cz\/wp-content\/uploads\/mm_10_10_10_10_10_4.jpg","height":0,"width":0},"wordCount":602,"keywords":null},{"@type":"Article","@id":"https:\/\/www.sszfm.cz\/ceho-si-nejvic-vazim-u-stehovaku\/","headline":"\u010ceho si nejv\u00edc v\u00e1\u017e\u00edm u st\u011bhov\u00e1k\u016f","url":"https:\/\/www.sszfm.cz\/ceho-si-nejvic-vazim-u-stehovaku\/","datePublished":"2026-01-14","dateModified":"2026-01-14","mainEntityOfPage":"https:\/\/www.sszfm.cz\/ceho-si-nejvic-vazim-u-stehovaku\/","author":{"@type":"Person","@id":"https:\/\/www.sszfm.cz\/author\/#Person","name":"","url":"https:\/\/www.sszfm.cz\/author\/","identifier":1,"image":{"@type":"ImageObject","@id":"https:\/\/secure.gravatar.com\/avatar\/8e6cbe5510d042e6a0b15162e198f2fd22eed76a4b5a1734d2174c652daccabc?s=96&d=mm&r=g","url":"https:\/\/secure.gravatar.com\/avatar\/8e6cbe5510d042e6a0b15162e198f2fd22eed76a4b5a1734d2174c652daccabc?s=96&d=mm&r=g","height":96,"width":96}},"publisher":{"@type":"Organization","name":"sszfm.cz","logo":{"@type":"ImageObject","@id":"\/logo.png","url":"\/logo.png","width":600,"height":60}},"image":{"@type":"ImageObject","@id":"https:\/\/www.sszfm.cz\/wp-content\/uploads\/phily_shotz-duct-tape-5501773_640.jpg","url":"https:\/\/www.sszfm.cz\/wp-content\/uploads\/phily_shotz-duct-tape-5501773_640.jpg","height":0,"width":0},"wordCount":676,"keywords":null},{"@type":"Article","@id":"https:\/\/www.sszfm.cz\/klic-k-vyjimecnym-nemovitostem\/","headline":"Kl\u00ed\u010d k v\u00fdjime\u010dn\u00fdm nemovitostem","url":"https:\/\/www.sszfm.cz\/klic-k-vyjimecnym-nemovitostem\/","datePublished":"2025-12-10","dateModified":"2025-12-10","mainEntityOfPage":"https:\/\/www.sszfm.cz\/klic-k-vyjimecnym-nemovitostem\/","author":{"@type":"Person","@id":"https:\/\/www.sszfm.cz\/author\/#Person","name":"","url":"https:\/\/www.sszfm.cz\/author\/","identifier":1,"image":{"@type":"ImageObject","@id":"https:\/\/secure.gravatar.com\/avatar\/8e6cbe5510d042e6a0b15162e198f2fd22eed76a4b5a1734d2174c652daccabc?s=96&d=mm&r=g","url":"https:\/\/secure.gravatar.com\/avatar\/8e6cbe5510d042e6a0b15162e198f2fd22eed76a4b5a1734d2174c652daccabc?s=96&d=mm&r=g","height":96,"width":96}},"publisher":{"@type":"Organization","name":"sszfm.cz","logo":{"@type":"ImageObject","@id":"\/logo.png","url":"\/logo.png","width":600,"height":60}},"image":{"@type":"ImageObject","@id":"https:\/\/www.sszfm.cz\/wp-content\/uploads\/house-6971496_1920.jpg","url":"https:\/\/www.sszfm.cz\/wp-content\/uploads\/house-6971496_1920.jpg","height":0,"width":0},"wordCount":570,"keywords":null},{"@type":"Article","@id":"https:\/\/www.sszfm.cz\/jaka-garaz-je-nejlepsi\/","headline":"Jak\u00e1 gar\u00e1\u017e je nejlep\u0161\u00ed?","url":"https:\/\/www.sszfm.cz\/jaka-garaz-je-nejlepsi\/","datePublished":"2025-11-20","dateModified":"2025-11-20","mainEntityOfPage":"https:\/\/www.sszfm.cz\/jaka-garaz-je-nejlepsi\/","author":{"@type":"Person","@id":"https:\/\/www.sszfm.cz\/author\/#Person","name":"","url":"https:\/\/www.sszfm.cz\/author\/","identifier":1,"image":{"@type":"ImageObject","@id":"https:\/\/secure.gravatar.com\/avatar\/8e6cbe5510d042e6a0b15162e198f2fd22eed76a4b5a1734d2174c652daccabc?s=96&d=mm&r=g","url":"https:\/\/secure.gravatar.com\/avatar\/8e6cbe5510d042e6a0b15162e198f2fd22eed76a4b5a1734d2174c652daccabc?s=96&d=mm&r=g","height":96,"width":96}},"publisher":{"@type":"Organization","name":"sszfm.cz","logo":{"@type":"ImageObject","@id":"\/logo.png","url":"\/logo.png","width":600,"height":60}},"image":{"@type":"ImageObject","@id":"https:\/\/www.sszfm.cz\/wp-content\/uploads\/gggg_4.jpg","url":"https:\/\/www.sszfm.cz\/wp-content\/uploads\/gggg_4.jpg","height":0,"width":0},"wordCount":606,"keywords":null},{"@type":"Article","@id":"https:\/\/www.sszfm.cz\/mobil-na-oslave-narozenin-s-barevnym-pouzdrem\/","headline":"Mobil na oslav\u011b narozenin s barevn\u00fdm pouzdrem","url":"https:\/\/www.sszfm.cz\/mobil-na-oslave-narozenin-s-barevnym-pouzdrem\/","datePublished":"2025-11-11","dateModified":"2025-11-11","mainEntityOfPage":"https:\/\/www.sszfm.cz\/mobil-na-oslave-narozenin-s-barevnym-pouzdrem\/","author":{"@type":"Person","@id":"https:\/\/www.sszfm.cz\/author\/#Person","name":"","url":"https:\/\/www.sszfm.cz\/author\/","identifier":1,"image":{"@type":"ImageObject","@id":"https:\/\/secure.gravatar.com\/avatar\/8e6cbe5510d042e6a0b15162e198f2fd22eed76a4b5a1734d2174c652daccabc?s=96&d=mm&r=g","url":"https:\/\/secure.gravatar.com\/avatar\/8e6cbe5510d042e6a0b15162e198f2fd22eed76a4b5a1734d2174c652daccabc?s=96&d=mm&r=g","height":96,"width":96}},"publisher":{"@type":"Organization","name":"sszfm.cz","logo":{"@type":"ImageObject","@id":"\/logo.png","url":"\/logo.png","width":600,"height":60}},"image":{"@type":"ImageObject","@id":"https:\/\/www.sszfm.cz\/wp-content\/uploads\/apple-1841553_640_10_7.jpg","url":"https:\/\/www.sszfm.cz\/wp-content\/uploads\/apple-1841553_640_10_7.jpg","height":0,"width":0},"wordCount":616,"keywords":null},{"@type":"Article","@id":"https:\/\/www.sszfm.cz\/shanite-novou-branu\/","headline":"Sh\u00e1n\u00edte novou br\u00e1nu?","url":"https:\/\/www.sszfm.cz\/shanite-novou-branu\/","datePublished":"2025-10-12","dateModified":"2025-10-12","mainEntityOfPage":"https:\/\/www.sszfm.cz\/shanite-novou-branu\/","author":{"@type":"Person","@id":"https:\/\/www.sszfm.cz\/author\/#Person","name":"","url":"https:\/\/www.sszfm.cz\/author\/","identifier":1,"image":{"@type":"ImageObject","@id":"https:\/\/secure.gravatar.com\/avatar\/8e6cbe5510d042e6a0b15162e198f2fd22eed76a4b5a1734d2174c652daccabc?s=96&d=mm&r=g","url":"https:\/\/secure.gravatar.com\/avatar\/8e6cbe5510d042e6a0b15162e198f2fd22eed76a4b5a1734d2174c652daccabc?s=96&d=mm&r=g","height":96,"width":96}},"publisher":{"@type":"Organization","name":"sszfm.cz","logo":{"@type":"ImageObject","@id":"\/logo.png","url":"\/logo.png","width":600,"height":60}},"image":{"@type":"ImageObject","@id":"https:\/\/www.sszfm.cz\/wp-content\/uploads\/br%C3%A1na1.jpg","url":"https:\/\/www.sszfm.cz\/wp-content\/uploads\/br%C3%A1na1.jpg","height":0,"width":0},"wordCount":657,"keywords":null},{"@type":"Article","@id":"https:\/\/www.sszfm.cz\/rezervacni-system-pro-plazovy-volejbal\/","headline":"Rezerva\u010dn\u00ed syst\u00e9m pro pl\u00e1\u017eov\u00fd volejbal","url":"https:\/\/www.sszfm.cz\/rezervacni-system-pro-plazovy-volejbal\/","datePublished":"2025-10-01","dateModified":"2025-10-01","mainEntityOfPage":"https:\/\/www.sszfm.cz\/rezervacni-system-pro-plazovy-volejbal\/","author":{"@type":"Person","@id":"https:\/\/www.sszfm.cz\/author\/#Person","name":"","url":"https:\/\/www.sszfm.cz\/author\/","identifier":1,"image":{"@type":"ImageObject","@id":"https:\/\/secure.gravatar.com\/avatar\/8e6cbe5510d042e6a0b15162e198f2fd22eed76a4b5a1734d2174c652daccabc?s=96&d=mm&r=g","url":"https:\/\/secure.gravatar.com\/avatar\/8e6cbe5510d042e6a0b15162e198f2fd22eed76a4b5a1734d2174c652daccabc?s=96&d=mm&r=g","height":96,"width":96}},"publisher":{"@type":"Organization","name":"sszfm.cz","logo":{"@type":"ImageObject","@id":"\/logo.png","url":"\/logo.png","width":600,"height":60}},"image":{"@type":"ImageObject","@id":"https:\/\/www.sszfm.cz\/wp-content\/uploads\/volleyball-2639700_640.jpg","url":"https:\/\/www.sszfm.cz\/wp-content\/uploads\/volleyball-2639700_640.jpg","height":0,"width":0},"wordCount":578,"keywords":null},{"@type":"Article","@id":"https:\/\/www.sszfm.cz\/penize-nesmi-chybet\/","headline":"Pen\u00edze nesm\u00ed chyb\u011bt","url":"https:\/\/www.sszfm.cz\/penize-nesmi-chybet\/","datePublished":"2025-08-17","dateModified":"2025-08-17","mainEntityOfPage":"https:\/\/www.sszfm.cz\/penize-nesmi-chybet\/","author":{"@type":"Person","@id":"https:\/\/www.sszfm.cz\/author\/#Person","name":"","url":"https:\/\/www.sszfm.cz\/author\/","identifier":1,"image":{"@type":"ImageObject","@id":"https:\/\/secure.gravatar.com\/avatar\/8e6cbe5510d042e6a0b15162e198f2fd22eed76a4b5a1734d2174c652daccabc?s=96&d=mm&r=g","url":"https:\/\/secure.gravatar.com\/avatar\/8e6cbe5510d042e6a0b15162e198f2fd22eed76a4b5a1734d2174c652daccabc?s=96&d=mm&r=g","height":96,"width":96}},"publisher":{"@type":"Organization","name":"sszfm.cz","logo":{"@type":"ImageObject","@id":"\/logo.png","url":"\/logo.png","width":600,"height":60}},"image":{"@type":"ImageObject","@id":"https:\/\/www.sszfm.cz\/wp-content\/uploads\/pppppppppppppppppp_10_10_10_8.jpg","url":"https:\/\/www.sszfm.cz\/wp-content\/uploads\/pppppppppppppppppp_10_10_10_8.jpg","height":0,"width":0},"wordCount":598,"keywords":null},{"@type":"Article","@id":"https:\/\/www.sszfm.cz\/aby-vam-vase-nova-kuchyne-prinasela-radost\/","headline":"Aby v\u00e1m va\u0161e nov\u00e1 kuchyn\u011b p\u0159in\u00e1\u0161ela radost","url":"https:\/\/www.sszfm.cz\/aby-vam-vase-nova-kuchyne-prinasela-radost\/","datePublished":"2025-07-15","dateModified":"2025-07-15","mainEntityOfPage":"https:\/\/www.sszfm.cz\/aby-vam-vase-nova-kuchyne-prinasela-radost\/","author":{"@type":"Person","@id":"https:\/\/www.sszfm.cz\/author\/#Person","name":"","url":"https:\/\/www.sszfm.cz\/author\/","identifier":1,"image":{"@type":"ImageObject","@id":"https:\/\/secure.gravatar.com\/avatar\/8e6cbe5510d042e6a0b15162e198f2fd22eed76a4b5a1734d2174c652daccabc?s=96&d=mm&r=g","url":"https:\/\/secure.gravatar.com\/avatar\/8e6cbe5510d042e6a0b15162e198f2fd22eed76a4b5a1734d2174c652daccabc?s=96&d=mm&r=g","height":96,"width":96}},"publisher":{"@type":"Organization","name":"sszfm.cz","logo":{"@type":"ImageObject","@id":"\/logo.png","url":"\/logo.png","width":600,"height":60}},"image":{"@type":"ImageObject","@id":"https:\/\/www.sszfm.cz\/wp-content\/uploads\/cleaning-5476950_640.jpg","url":"https:\/\/www.sszfm.cz\/wp-content\/uploads\/cleaning-5476950_640.jpg","height":0,"width":0},"wordCount":544,"keywords":null}]},{"@context":"https:\/\/schema.org","@type":"WebSite","@id":"https:\/\/www.sszfm.cz\/#website","name":"Sszfm","url":"https:\/\/www.sszfm.cz","potentialAction":{"@type":"SearchAction","target":"https:\/\/www.sszfm.cz\/?s={search_term_string}","query-input":"required name=search_term_string"}}]